{"id":5970,"date":"2022-09-20T12:43:51","date_gmt":"2022-09-20T12:43:51","guid":{"rendered":"https:\/\/malagafilm.com\/?p=5970"},"modified":"2022-09-20T12:44:19","modified_gmt":"2022-09-20T12:44:19","slug":"los-rodajes-filmados-en-malaga-este-verano-que-pronto-tendras-en-tu-pantalla","status":"publish","type":"post","link":"https:\/\/malagafilm.com\/fr\/los-rodajes-filmados-en-malaga-este-verano-que-pronto-tendras-en-tu-pantalla\/","title":{"rendered":"Les films tourn\u00e9s \u00e0 Malaga cet \u00e9t\u00e9 que vous pourrez bient\u00f4t voir sur votre \u00e9cran."},"content":{"rendered":"<p>La saison estivale a une fois de plus mis en \u00e9vidence la multiplicit\u00e9 des paysages qu'offre la province de Malaga. Toutes sortes de productions ont \u00e9t\u00e9 r\u00e9alis\u00e9es de fin mai \u00e0 septembre : films, s\u00e9ries, <em>r\u00e9alit\u00e9s<\/em>des documentaires... tant d'origine nationale qu'internationale. Parmi toutes les fusillades, les plus marquantes ont \u00e9t\u00e9 celles des s\u00e9ries \" Black Mirror \", \" Kaos \" (toutes deux produites par Netflix) ou la <em>thriller<\/em> Finnois \"Kosta\". Cette derni\u00e8re, dont la vedette est Fran Perea, originaire de Malaga, est revenue \u00e0 Malaga pour sa deuxi\u00e8me saison en juin.<\/p>\n\n\n\n<p>L'\u00e9pisode de la s\u00e9rie dystopique de la plateforme am\u00e9ricaine - dont on ne conna\u00eet que le titre, \"Red Book\" - a \u00e9t\u00e9 tourn\u00e9 au cours du mois de juin. Les lieux de tournage \u00e9taient situ\u00e9s sur la Costa del Sol et dans d'autres parties de la province. Les \u00e9l\u00e9ments suivants ont \u00e9t\u00e9 r\u00e9v\u00e9l\u00e9s <em>fixe<\/em> \u00e0 San Pedro de Alc\u00e1ntara, Marbella, les studios Loasur \u00e0 Co\u00edn, un domaine entre Monda et Oj\u00e9n et les montagnes de M\u00e1laga. La soci\u00e9t\u00e9 de production britannique en charge du tournage, Broke &amp; Bones Ltd, n'a pas fourni d'autres informations \u00e0 ce sujet, dans le respect du secret habituel de ces enregistrements.<\/p>\n\n\n\n<p>La s\u00e9rie \"Kaos\", dont <em>service<\/em> r\u00e9alis\u00e9 par la soci\u00e9t\u00e9 Fresco Films, bas\u00e9e \u00e0 Malaga, a \u00e9t\u00e9 l'un des plus grands spectacles de la saison. La production de SISTER ('Tchernobyl') et d'Anthem a \u00e9t\u00e9 bas\u00e9e dans la province pendant presque tout le mois d'ao\u00fbt. Les d\u00e9penses ont atteint en moyenne 700 000 euros par jour pendant leur s\u00e9jour dans la province. La s\u00e9rie des r\u00e9alisateurs de \"The End Of The F***ing World\" met en sc\u00e8ne Jeff Goldblum dans le r\u00f4le de Zeus. Bien que le r\u00f4le ait \u00e9t\u00e9 initialement confi\u00e9 \u00e0 Hugh Grant. Malaga, Marbella, le centre commercial Velez et Antequera ont servi de d\u00e9cors \u00e0 cette superproduction qui a obtenu le label vert de la durabilit\u00e9.<\/p>\n\n\n\n<p>Parmi le reste des tournages que la province de Malaga a attir\u00e9 durant l'\u00e9t\u00e9 2022, plusieurs m\u00e9ritent d'\u00eatre mentionn\u00e9s. <em>r\u00e9alit\u00e9s<\/em>. Le plus r\u00e9ussi, \"Paradise Hotel\" (groupe Banijay), a \u00e9t\u00e9 tourn\u00e9 \u00e0 Marbella. En ce qui concerne le cin\u00e9ma, l'h\u00f4tel Antequera Hills a accueilli une partie de l'\u00e9v\u00e9nement <em>set<\/em> de \"Reflejos en una habitaci\u00f3n\", le premier film de Ceres Machado. Et la municipalit\u00e9 de Casares a \u00e9t\u00e9 le cadre de la <em>ouest<\/em> Sacrilegio\", par Pedro Casablanc. Enfin, dans le genre documentaire, le mockumentary \"Caleta Palace\" a \u00e9t\u00e9 produit pendant les mois d'\u00e9t\u00e9. Cette histoire sur le Desband\u00e1 met en sc\u00e8ne des t\u00e9moignages r\u00e9els de cet \u00e9pisode tragique v\u00e9cu pendant la guerre civile \u00e0 Malaga. Le projet prend le relais de \"Para\u00edso en llamas\", \u00e9galement r\u00e9alis\u00e9 par Jos\u00e9 Antonio Hergueta. Ce court m\u00e9trage a \u00e9t\u00e9 nomm\u00e9 pour le Goya en 2021 dans la cat\u00e9gorie du meilleur court m\u00e9trage documentaire.<\/p>\n\n\n\n<p>Tout au long de l'ann\u00e9e 2022, d'autres productions \u00e0 succ\u00e8s ont \u00e9t\u00e9 tourn\u00e9es dans la province, comme \"The Snow Girl\" (Netflix). D'autres sont d\u00e9j\u00e0 sortis dans le monde entier et sont disponibles sur des plateformes telles que \"Operation Mincemeat\", disponible sur les services de streaming et de location.<\/p>","protected":false},"excerpt":{"rendered":"<p>El curso estival ha vuelto a poner de manifiesto la multiplicidad de los escenarios que ofrece la provincia de M\u00e1laga. Todo tipo de producciones han sido llevadas a cabo desde finales de mayo hasta septiembre: pel\u00edculas, series, realities, documentales\u2026 Tanto de origen nacional como internacional. Entre todos los rodajes, los m\u00e1s destacados han sido los [&hellip;]<\/p>\n","protected":false},"author":2,"featured_media":5973,"comment_status":"closed","ping_status":"open","sticky":false,"template":"","format":"standard","meta":{"footnotes":""},"categories":[72],"tags":[90,80,89,87,88,91,78,82,86],"class_list":["post-5970","post","type-post","status-publish","format-standard","has-post-thumbnail","hentry","category-noticias","tag-90","tag-black-mirror","tag-hbo","tag-kaos","tag-netflix","tag-operacion-mincemeat","tag-rodajes","tag-series","tag-verano"],"yoast_head":"<!-- This site is optimized with the Yoast SEO plugin v27.4 - https:\/\/yoast.com\/product\/yoast-seo-wordpress\/ -->\n<title>Los rodajes filmados en M\u00e1laga este verano que pronto tendr\u00e1s en tu pantalla - Malaga Film Commission<\/title>\n<meta name=\"description\" content=\"La provincia de M\u00e1laga vuelve a erigirse durante este verano como uno de los principales escenarios para rodajes de todo tipo.\" \/>\n<meta name=\"robots\" content=\"index, follow, max-snippet:-1, max-image-preview:large, max-video-preview:-1\" \/>\n<link rel=\"canonical\" href=\"https:\/\/malagafilm.com\/fr\/los-rodajes-filmados-en-malaga-este-verano-que-pronto-tendras-en-tu-pantalla\/\" \/>\n<meta property=\"og:locale\" content=\"fr_FR\" \/>\n<meta property=\"og:type\" content=\"article\" \/>\n<meta property=\"og:title\" content=\"Los rodajes filmados en M\u00e1laga este verano que pronto tendr\u00e1s en tu pantalla\" \/>\n<meta property=\"og:description\" content=\"La provincia de M\u00e1laga vuelve a erigirse durante este verano como uno de los principales escenarios para rodajes de todo tipo.\" \/>\n<meta property=\"og:url\" content=\"https:\/\/malagafilm.com\/fr\/los-rodajes-filmados-en-malaga-este-verano-que-pronto-tendras-en-tu-pantalla\/\" \/>\n<meta property=\"og:site_name\" content=\"Malaga Film Commission\" \/>\n<meta property=\"article:published_time\" content=\"2022-09-20T12:43:51+00:00\" \/>\n<meta property=\"article:modified_time\" content=\"2022-09-20T12:44:19+00:00\" \/>\n<meta property=\"og:image\" content=\"https:\/\/malagafilm.com\/wp-content\/uploads\/2022\/09\/Unknown.jpg\" \/>\n\t<meta property=\"og:image:width\" content=\"1600\" \/>\n\t<meta property=\"og:image:height\" content=\"1066\" \/>\n\t<meta property=\"og:image:type\" content=\"image\/jpeg\" \/>\n<meta name=\"author\" content=\"Sixto\" \/>\n<meta name=\"twitter:card\" content=\"summary_large_image\" \/>\n<meta name=\"twitter:title\" content=\"Los rodajes filmados en M\u00e1laga este verano que pronto tendr\u00e1s en tu pantalla\" \/>\n<meta name=\"twitter:description\" content=\"La provincia de M\u00e1laga vuelve a erigirse durante este verano como uno de los principales escenarios para rodajes de todo tipo.\" \/>\n<meta name=\"twitter:image\" content=\"https:\/\/malagafilm.com\/wp-content\/uploads\/2022\/09\/Unknown.jpg\" \/>\n<meta name=\"twitter:label1\" content=\"\u00c9crit par\" \/>\n\t<meta name=\"twitter:data1\" content=\"Sixto\" \/>\n\t<meta name=\"twitter:label2\" content=\"Dur\u00e9e de lecture estim\u00e9e\" \/>\n\t<meta name=\"twitter:data2\" content=\"3 minutes\" \/>\n<script type=\"application\/ld+json\" class=\"yoast-schema-graph\">{\"@context\":\"https:\\\/\\\/schema.org\",\"@graph\":[{\"@type\":\"Article\",\"@id\":\"https:\\\/\\\/malagafilm.com\\\/los-rodajes-filmados-en-malaga-este-verano-que-pronto-tendras-en-tu-pantalla\\\/#article\",\"isPartOf\":{\"@id\":\"https:\\\/\\\/malagafilm.com\\\/los-rodajes-filmados-en-malaga-este-verano-que-pronto-tendras-en-tu-pantalla\\\/\"},\"author\":{\"name\":\"Sixto\",\"@id\":\"https:\\\/\\\/malagafilm.com\\\/#\\\/schema\\\/person\\\/e7eb6877cf6ee6b6feae39db551bc5bc\"},\"headline\":\"Los rodajes filmados en M\u00e1laga este verano que pronto tendr\u00e1s en tu pantalla\",\"datePublished\":\"2022-09-20T12:43:51+00:00\",\"dateModified\":\"2022-09-20T12:44:19+00:00\",\"mainEntityOfPage\":{\"@id\":\"https:\\\/\\\/malagafilm.com\\\/los-rodajes-filmados-en-malaga-este-verano-que-pronto-tendras-en-tu-pantalla\\\/\"},\"wordCount\":522,\"publisher\":{\"@id\":\"https:\\\/\\\/malagafilm.com\\\/#organization\"},\"image\":{\"@id\":\"https:\\\/\\\/malagafilm.com\\\/los-rodajes-filmados-en-malaga-este-verano-que-pronto-tendras-en-tu-pantalla\\\/#primaryimage\"},\"thumbnailUrl\":\"https:\\\/\\\/malagafilm.com\\\/wp-content\\\/uploads\\\/2022\\\/09\\\/Unknown.jpg\",\"keywords\":[\"2022\",\"black mirror\",\"hbo\",\"kaos\",\"netflix\",\"operaci\u00f3n mincemeat\",\"rodajes\",\"series\",\"verano\"],\"articleSection\":[\"Noticias\"],\"inLanguage\":\"fr-FR\"},{\"@type\":\"WebPage\",\"@id\":\"https:\\\/\\\/malagafilm.com\\\/los-rodajes-filmados-en-malaga-este-verano-que-pronto-tendras-en-tu-pantalla\\\/\",\"url\":\"https:\\\/\\\/malagafilm.com\\\/los-rodajes-filmados-en-malaga-este-verano-que-pronto-tendras-en-tu-pantalla\\\/\",\"name\":\"Los rodajes filmados en M\u00e1laga este verano que pronto tendr\u00e1s en tu pantalla - Malaga Film Commission\",\"isPartOf\":{\"@id\":\"https:\\\/\\\/malagafilm.com\\\/#website\"},\"primaryImageOfPage\":{\"@id\":\"https:\\\/\\\/malagafilm.com\\\/los-rodajes-filmados-en-malaga-este-verano-que-pronto-tendras-en-tu-pantalla\\\/#primaryimage\"},\"image\":{\"@id\":\"https:\\\/\\\/malagafilm.com\\\/los-rodajes-filmados-en-malaga-este-verano-que-pronto-tendras-en-tu-pantalla\\\/#primaryimage\"},\"thumbnailUrl\":\"https:\\\/\\\/malagafilm.com\\\/wp-content\\\/uploads\\\/2022\\\/09\\\/Unknown.jpg\",\"datePublished\":\"2022-09-20T12:43:51+00:00\",\"dateModified\":\"2022-09-20T12:44:19+00:00\",\"description\":\"La provincia de M\u00e1laga vuelve a erigirse durante este verano como uno de los principales escenarios para rodajes de todo tipo.\",\"breadcrumb\":{\"@id\":\"https:\\\/\\\/malagafilm.com\\\/los-rodajes-filmados-en-malaga-este-verano-que-pronto-tendras-en-tu-pantalla\\\/#breadcrumb\"},\"inLanguage\":\"fr-FR\",\"potentialAction\":[{\"@type\":\"ReadAction\",\"target\":[\"https:\\\/\\\/malagafilm.com\\\/los-rodajes-filmados-en-malaga-este-verano-que-pronto-tendras-en-tu-pantalla\\\/\"]}]},{\"@type\":\"ImageObject\",\"inLanguage\":\"fr-FR\",\"@id\":\"https:\\\/\\\/malagafilm.com\\\/los-rodajes-filmados-en-malaga-este-verano-que-pronto-tendras-en-tu-pantalla\\\/#primaryimage\",\"url\":\"https:\\\/\\\/malagafilm.com\\\/wp-content\\\/uploads\\\/2022\\\/09\\\/Unknown.jpg\",\"contentUrl\":\"https:\\\/\\\/malagafilm.com\\\/wp-content\\\/uploads\\\/2022\\\/09\\\/Unknown.jpg\",\"width\":1600,\"height\":1066,\"caption\":\"Rodaje en M\u00e1laga provincia\"},{\"@type\":\"BreadcrumbList\",\"@id\":\"https:\\\/\\\/malagafilm.com\\\/los-rodajes-filmados-en-malaga-este-verano-que-pronto-tendras-en-tu-pantalla\\\/#breadcrumb\",\"itemListElement\":[{\"@type\":\"ListItem\",\"position\":1,\"name\":\"Portada\",\"item\":\"https:\\\/\\\/malagafilm.com\\\/\"},{\"@type\":\"ListItem\",\"position\":2,\"name\":\"Los rodajes filmados en M\u00e1laga este verano que pronto tendr\u00e1s en tu pantalla\"}]},{\"@type\":\"WebSite\",\"@id\":\"https:\\\/\\\/malagafilm.com\\\/#website\",\"url\":\"https:\\\/\\\/malagafilm.com\\\/\",\"name\":\"Malaga Film Commission\",\"description\":\"Aqu\u00ed, en la provincia de M\u00e1laga. Por su infinidad de sitios, luz y clima\",\"publisher\":{\"@id\":\"https:\\\/\\\/malagafilm.com\\\/#organization\"},\"potentialAction\":[{\"@type\":\"SearchAction\",\"target\":{\"@type\":\"EntryPoint\",\"urlTemplate\":\"https:\\\/\\\/malagafilm.com\\\/?s={search_term_string}\"},\"query-input\":{\"@type\":\"PropertyValueSpecification\",\"valueRequired\":true,\"valueName\":\"search_term_string\"}}],\"inLanguage\":\"fr-FR\"},{\"@type\":\"Organization\",\"@id\":\"https:\\\/\\\/malagafilm.com\\\/#organization\",\"name\":\"Malaga Film Commission\",\"url\":\"https:\\\/\\\/malagafilm.com\\\/\",\"logo\":{\"@type\":\"ImageObject\",\"inLanguage\":\"fr-FR\",\"@id\":\"https:\\\/\\\/malagafilm.com\\\/#\\\/schema\\\/logo\\\/image\\\/\",\"url\":\"https:\\\/\\\/malagafilm.com\\\/wp-content\\\/uploads\\\/2021\\\/10\\\/logo_MFC_blanco_400px.png\",\"contentUrl\":\"https:\\\/\\\/malagafilm.com\\\/wp-content\\\/uploads\\\/2021\\\/10\\\/logo_MFC_blanco_400px.png\",\"width\":400,\"height\":95,\"caption\":\"Malaga Film Commission\"},\"image\":{\"@id\":\"https:\\\/\\\/malagafilm.com\\\/#\\\/schema\\\/logo\\\/image\\\/\"}},{\"@type\":\"Person\",\"@id\":\"https:\\\/\\\/malagafilm.com\\\/#\\\/schema\\\/person\\\/e7eb6877cf6ee6b6feae39db551bc5bc\",\"name\":\"Sixto\",\"url\":\"https:\\\/\\\/malagafilm.com\\\/fr\\\/author\\\/sixto\\\/\"}]}<\/script>\n<!-- \/ Yoast SEO plugin. -->","yoast_head_json":{"title":"Les films tourn\u00e9s \u00e0 Malaga cet \u00e9t\u00e9 que vous aurez bient\u00f4t sur votre \u00e9cran - Commission du Film de Malaga","description":"Cet \u00e9t\u00e9, la province de Malaga est \u00e0 nouveau l'un des principaux lieux de tournage de toutes sortes.","robots":{"index":"index","follow":"follow","max-snippet":"max-snippet:-1","max-image-preview":"max-image-preview:large","max-video-preview":"max-video-preview:-1"},"canonical":"https:\/\/malagafilm.com\/fr\/los-rodajes-filmados-en-malaga-este-verano-que-pronto-tendras-en-tu-pantalla\/","og_locale":"fr_FR","og_type":"article","og_title":"Los rodajes filmados en M\u00e1laga este verano que pronto tendr\u00e1s en tu pantalla","og_description":"La provincia de M\u00e1laga vuelve a erigirse durante este verano como uno de los principales escenarios para rodajes de todo tipo.","og_url":"https:\/\/malagafilm.com\/fr\/los-rodajes-filmados-en-malaga-este-verano-que-pronto-tendras-en-tu-pantalla\/","og_site_name":"Malaga Film Commission","article_published_time":"2022-09-20T12:43:51+00:00","article_modified_time":"2022-09-20T12:44:19+00:00","og_image":[{"width":1600,"height":1066,"url":"https:\/\/malagafilm.com\/wp-content\/uploads\/2022\/09\/Unknown.jpg","type":"image\/jpeg"}],"author":"Sixto","twitter_card":"summary_large_image","twitter_title":"Los rodajes filmados en M\u00e1laga este verano que pronto tendr\u00e1s en tu pantalla","twitter_description":"La provincia de M\u00e1laga vuelve a erigirse durante este verano como uno de los principales escenarios para rodajes de todo tipo.","twitter_image":"https:\/\/malagafilm.com\/wp-content\/uploads\/2022\/09\/Unknown.jpg","twitter_misc":{"\u00c9crit par":"Sixto","Dur\u00e9e de lecture estim\u00e9e":"3 minutes"},"schema":{"@context":"https:\/\/schema.org","@graph":[{"@type":"Article","@id":"https:\/\/malagafilm.com\/los-rodajes-filmados-en-malaga-este-verano-que-pronto-tendras-en-tu-pantalla\/#article","isPartOf":{"@id":"https:\/\/malagafilm.com\/los-rodajes-filmados-en-malaga-este-verano-que-pronto-tendras-en-tu-pantalla\/"},"author":{"name":"Sixto","@id":"https:\/\/malagafilm.com\/#\/schema\/person\/e7eb6877cf6ee6b6feae39db551bc5bc"},"headline":"Los rodajes filmados en M\u00e1laga este verano que pronto tendr\u00e1s en tu pantalla","datePublished":"2022-09-20T12:43:51+00:00","dateModified":"2022-09-20T12:44:19+00:00","mainEntityOfPage":{"@id":"https:\/\/malagafilm.com\/los-rodajes-filmados-en-malaga-este-verano-que-pronto-tendras-en-tu-pantalla\/"},"wordCount":522,"publisher":{"@id":"https:\/\/malagafilm.com\/#organization"},"image":{"@id":"https:\/\/malagafilm.com\/los-rodajes-filmados-en-malaga-este-verano-que-pronto-tendras-en-tu-pantalla\/#primaryimage"},"thumbnailUrl":"https:\/\/malagafilm.com\/wp-content\/uploads\/2022\/09\/Unknown.jpg","keywords":["2022","black mirror","hbo","kaos","netflix","operaci\u00f3n mincemeat","rodajes","series","verano"],"articleSection":["Noticias"],"inLanguage":"fr-FR"},{"@type":"WebPage","@id":"https:\/\/malagafilm.com\/los-rodajes-filmados-en-malaga-este-verano-que-pronto-tendras-en-tu-pantalla\/","url":"https:\/\/malagafilm.com\/los-rodajes-filmados-en-malaga-este-verano-que-pronto-tendras-en-tu-pantalla\/","name":"Les films tourn\u00e9s \u00e0 Malaga cet \u00e9t\u00e9 que vous aurez bient\u00f4t sur votre \u00e9cran - Commission du Film de Malaga","isPartOf":{"@id":"https:\/\/malagafilm.com\/#website"},"primaryImageOfPage":{"@id":"https:\/\/malagafilm.com\/los-rodajes-filmados-en-malaga-este-verano-que-pronto-tendras-en-tu-pantalla\/#primaryimage"},"image":{"@id":"https:\/\/malagafilm.com\/los-rodajes-filmados-en-malaga-este-verano-que-pronto-tendras-en-tu-pantalla\/#primaryimage"},"thumbnailUrl":"https:\/\/malagafilm.com\/wp-content\/uploads\/2022\/09\/Unknown.jpg","datePublished":"2022-09-20T12:43:51+00:00","dateModified":"2022-09-20T12:44:19+00:00","description":"Cet \u00e9t\u00e9, la province de Malaga est \u00e0 nouveau l'un des principaux lieux de tournage de toutes sortes.","breadcrumb":{"@id":"https:\/\/malagafilm.com\/los-rodajes-filmados-en-malaga-este-verano-que-pronto-tendras-en-tu-pantalla\/#breadcrumb"},"inLanguage":"fr-FR","potentialAction":[{"@type":"ReadAction","target":["https:\/\/malagafilm.com\/los-rodajes-filmados-en-malaga-este-verano-que-pronto-tendras-en-tu-pantalla\/"]}]},{"@type":"ImageObject","inLanguage":"fr-FR","@id":"https:\/\/malagafilm.com\/los-rodajes-filmados-en-malaga-este-verano-que-pronto-tendras-en-tu-pantalla\/#primaryimage","url":"https:\/\/malagafilm.com\/wp-content\/uploads\/2022\/09\/Unknown.jpg","contentUrl":"https:\/\/malagafilm.com\/wp-content\/uploads\/2022\/09\/Unknown.jpg","width":1600,"height":1066,"caption":"Rodaje en M\u00e1laga provincia"},{"@type":"BreadcrumbList","@id":"https:\/\/malagafilm.com\/los-rodajes-filmados-en-malaga-este-verano-que-pronto-tendras-en-tu-pantalla\/#breadcrumb","itemListElement":[{"@type":"ListItem","position":1,"name":"Portada","item":"https:\/\/malagafilm.com\/"},{"@type":"ListItem","position":2,"name":"Los rodajes filmados en M\u00e1laga este verano que pronto tendr\u00e1s en tu pantalla"}]},{"@type":"WebSite","@id":"https:\/\/malagafilm.com\/#website","url":"https:\/\/malagafilm.com\/","name":"Commission du Film de Malaga","description":"Ici, dans la province de Malaga. Pour son infinit\u00e9 de lieux, de lumi\u00e8re et de climat.","publisher":{"@id":"https:\/\/malagafilm.com\/#organization"},"potentialAction":[{"@type":"SearchAction","target":{"@type":"EntryPoint","urlTemplate":"https:\/\/malagafilm.com\/?s={search_term_string}"},"query-input":{"@type":"PropertyValueSpecification","valueRequired":true,"valueName":"search_term_string"}}],"inLanguage":"fr-FR"},{"@type":"Organization","@id":"https:\/\/malagafilm.com\/#organization","name":"Commission du Film de Malaga","url":"https:\/\/malagafilm.com\/","logo":{"@type":"ImageObject","inLanguage":"fr-FR","@id":"https:\/\/malagafilm.com\/#\/schema\/logo\/image\/","url":"https:\/\/malagafilm.com\/wp-content\/uploads\/2021\/10\/logo_MFC_blanco_400px.png","contentUrl":"https:\/\/malagafilm.com\/wp-content\/uploads\/2021\/10\/logo_MFC_blanco_400px.png","width":400,"height":95,"caption":"Malaga Film Commission"},"image":{"@id":"https:\/\/malagafilm.com\/#\/schema\/logo\/image\/"}},{"@type":"Person","@id":"https:\/\/malagafilm.com\/#\/schema\/person\/e7eb6877cf6ee6b6feae39db551bc5bc","name":"Sixto","url":"https:\/\/malagafilm.com\/fr\/author\/sixto\/"}]}},"_links":{"self":[{"href":"https:\/\/malagafilm.com\/fr\/wp-json\/wp\/v2\/posts\/5970","targetHints":{"allow":["GET"]}}],"collection":[{"href":"https:\/\/malagafilm.com\/fr\/wp-json\/wp\/v2\/posts"}],"about":[{"href":"https:\/\/malagafilm.com\/fr\/wp-json\/wp\/v2\/types\/post"}],"author":[{"embeddable":true,"href":"https:\/\/malagafilm.com\/fr\/wp-json\/wp\/v2\/users\/2"}],"replies":[{"embeddable":true,"href":"https:\/\/malagafilm.com\/fr\/wp-json\/wp\/v2\/comments?post=5970"}],"version-history":[{"count":2,"href":"https:\/\/malagafilm.com\/fr\/wp-json\/wp\/v2\/posts\/5970\/revisions"}],"predecessor-version":[{"id":5974,"href":"https:\/\/malagafilm.com\/fr\/wp-json\/wp\/v2\/posts\/5970\/revisions\/5974"}],"wp:featuredmedia":[{"embeddable":true,"href":"https:\/\/malagafilm.com\/fr\/wp-json\/wp\/v2\/media\/5973"}],"wp:attachment":[{"href":"https:\/\/malagafilm.com\/fr\/wp-json\/wp\/v2\/media?parent=5970"}],"wp:term":[{"taxonomy":"category","embeddable":true,"href":"https:\/\/malagafilm.com\/fr\/wp-json\/wp\/v2\/categories?post=5970"},{"taxonomy":"post_tag","embeddable":true,"href":"https:\/\/malagafilm.com\/fr\/wp-json\/wp\/v2\/tags?post=5970"}],"curies":[{"name":"wp","href":"https:\/\/api.w.org\/{rel}","templated":true}]}}